{"id":607,"date":"2026-04-26T20:23:47","date_gmt":"2026-04-26T18:23:47","guid":{"rendered":"https:\/\/800-jahre-dollbergen.de\/?p=607"},"modified":"2026-04-26T20:24:23","modified_gmt":"2026-04-26T18:24:23","slug":"maibaum-aufstellen-mit-musik-und-grillen","status":"publish","type":"post","link":"https:\/\/800-jahre-dollbergen.de\/index.php\/2026\/04\/26\/maibaum-aufstellen-mit-musik-und-grillen\/","title":{"rendered":"Maibaum aufstellen mit Musik und Grillen"},"content":{"rendered":"\n<figure class=\"wp-block-image size-large\"><img loading=\"lazy\" decoding=\"async\" width=\"1024\" height=\"768\" src=\"https:\/\/800-jahre-dollbergen.de\/wp-content\/uploads\/2025\/08\/PHOTO-2025-05-01-16-54-32-1024x768.jpeg\" alt=\"\" class=\"wp-image-315\" srcset=\"https:\/\/800-jahre-dollbergen.de\/wp-content\/uploads\/2025\/08\/PHOTO-2025-05-01-16-54-32-1024x768.jpeg 1024w, https:\/\/800-jahre-dollbergen.de\/wp-content\/uploads\/2025\/08\/PHOTO-2025-05-01-16-54-32-300x225.jpeg 300w, https:\/\/800-jahre-dollbergen.de\/wp-content\/uploads\/2025\/08\/PHOTO-2025-05-01-16-54-32-768x576.jpeg 768w, https:\/\/800-jahre-dollbergen.de\/wp-content\/uploads\/2025\/08\/PHOTO-2025-05-01-16-54-32-1536x1152.jpeg 1536w, https:\/\/800-jahre-dollbergen.de\/wp-content\/uploads\/2025\/08\/PHOTO-2025-05-01-16-54-32.jpeg 2000w\" sizes=\"auto, (max-width: 1024px) 100vw, 1024px\" \/><\/figure>\n\n\n\n<p><strong>Der CDU Ortsverband Uetze-Dollbergen-Katensen-Schw\u00fcblingsen l\u00e4dt herzlichst alle B\u00fcrgerinnen und B\u00fcrger der Gemeinde Uetze zum Aufstellen des Maibaums in Dollbergen ein.<\/strong><\/p>\n\n\n\n<p>Am 01. Mai 2025, 11:00 Uhr, wird gemeinsam auf dem Platz An-der-Friedenseiche, Alte Dorfstra\u00dfe 49-51, der Maibaum aufgerichtet.&nbsp;<\/p>\n\n\n\n<p>Begleitet wird die Veranstaltung vom Blasorchester des Musikvereins Dollbergen. Im Anschluss an das Platzkonzert w\u00fcrden wir uns sehr freuen, wenn wir mit m\u00f6glichst vielen Menschen im Siedlerheim Dollbergen, Alte Dorfstra\u00dfe 21a, zusammenkommen und beim Grillen gemeinsam den Fr\u00fchling begr\u00fc\u00dfen.&nbsp;<\/p>\n\n\n\n<p>CDU, Musikverein und Siedlergemeinschaft hei\u00dfen, bei hoffentlich bestem Wetter und guter Laune, alle B\u00fcrgerinnen und B\u00fcrger der Gemeinde Uetze herzlich willkommen!<\/p>\n","protected":false},"excerpt":{"rendered":"<div class=\"entry-summary\">\nDer CDU Ortsverband Uetze-Dollbergen-Katensen-Schw\u00fcblingsen l\u00e4dt herzlichst alle B\u00fcrgerinnen und B\u00fcrger der Gemeinde Uetze zum Aufstellen des Maibaums in Dollbergen ein. Am 01. Mai 2025, 11:00 Uhr, wird gemeinsam auf dem Platz An-der-Friedenseiche, Alte Dorfstra\u00dfe 49-51, der Maibaum aufgerichtet.&nbsp; Begleitet wird&hellip;\n<\/div>\n<div class=\"link-more\"><a href=\"https:\/\/800-jahre-dollbergen.de\/index.php\/2026\/04\/26\/maibaum-aufstellen-mit-musik-und-grillen\/\" class=\"more-link\"><span class=\"screen-reader-text\"> &ldquo;Maibaum aufstellen mit Musik und Grillen&rdquo;<\/span> weiterlesen\u00a0&hellip;<\/a><\/div>\n","protected":false},"author":5,"featured_media":315,"comment_status":"open","ping_status":"open","sticky":false,"template":"","format":"standard","meta":{"footnotes":""},"categories":[24],"tags":[83,81,82],"class_list":["post-607","post","type-post","status-publish","format-standard","has-post-thumbnail","hentry","category-aktionen","tag-1-mai","tag-cdu","tag-maibaum","entry"],"_links":{"self":[{"href":"https:\/\/800-jahre-dollbergen.de\/index.php\/wp-json\/wp\/v2\/posts\/607","targetHints":{"allow":["GET"]}}],"collection":[{"href":"https:\/\/800-jahre-dollbergen.de\/index.php\/wp-json\/wp\/v2\/posts"}],"about":[{"href":"https:\/\/800-jahre-dollbergen.de\/index.php\/wp-json\/wp\/v2\/types\/post"}],"author":[{"embeddable":true,"href":"https:\/\/800-jahre-dollbergen.de\/index.php\/wp-json\/wp\/v2\/users\/5"}],"replies":[{"embeddable":true,"href":"https:\/\/800-jahre-dollbergen.de\/index.php\/wp-json\/wp\/v2\/comments?post=607"}],"version-history":[{"count":1,"href":"https:\/\/800-jahre-dollbergen.de\/index.php\/wp-json\/wp\/v2\/posts\/607\/revisions"}],"predecessor-version":[{"id":608,"href":"https:\/\/800-jahre-dollbergen.de\/index.php\/wp-json\/wp\/v2\/posts\/607\/revisions\/608"}],"wp:featuredmedia":[{"embeddable":true,"href":"https:\/\/800-jahre-dollbergen.de\/index.php\/wp-json\/wp\/v2\/media\/315"}],"wp:attachment":[{"href":"https:\/\/800-jahre-dollbergen.de\/index.php\/wp-json\/wp\/v2\/media?parent=607"}],"wp:term":[{"taxonomy":"category","embeddable":true,"href":"https:\/\/800-jahre-dollbergen.de\/index.php\/wp-json\/wp\/v2\/categories?post=607"},{"taxonomy":"post_tag","embeddable":true,"href":"https:\/\/800-jahre-dollbergen.de\/index.php\/wp-json\/wp\/v2\/tags?post=607"}],"curies":[{"name":"wp","href":"https:\/\/api.w.org\/{rel}","templated":true}]}}