{"id":503,"date":"2026-03-14T11:25:32","date_gmt":"2026-03-14T10:25:32","guid":{"rendered":"https:\/\/800-jahre-dollbergen.de\/?p=503"},"modified":"2026-03-14T12:08:14","modified_gmt":"2026-03-14T11:08:14","slug":"800-jahre-dollbergen-nun-auch-im-ort-sichtbar","status":"publish","type":"post","link":"https:\/\/800-jahre-dollbergen.de\/index.php\/2026\/03\/14\/800-jahre-dollbergen-nun-auch-im-ort-sichtbar\/","title":{"rendered":"800 Jahre Dollbergen &#8211; nun auch im Ort sichtbar!"},"content":{"rendered":"\n<figure class=\"wp-block-image size-large\"><img loading=\"lazy\" decoding=\"async\" width=\"1024\" height=\"768\" src=\"https:\/\/800-jahre-dollbergen.de\/wp-content\/uploads\/2026\/03\/Banner_Aktion-1024x768.jpeg\" alt=\"\" class=\"wp-image-504\" srcset=\"https:\/\/800-jahre-dollbergen.de\/wp-content\/uploads\/2026\/03\/Banner_Aktion-1024x768.jpeg 1024w, https:\/\/800-jahre-dollbergen.de\/wp-content\/uploads\/2026\/03\/Banner_Aktion-300x225.jpeg 300w, https:\/\/800-jahre-dollbergen.de\/wp-content\/uploads\/2026\/03\/Banner_Aktion-768x576.jpeg 768w, https:\/\/800-jahre-dollbergen.de\/wp-content\/uploads\/2026\/03\/Banner_Aktion-1536x1152.jpeg 1536w, https:\/\/800-jahre-dollbergen.de\/wp-content\/uploads\/2026\/03\/Banner_Aktion.jpeg 1600w\" sizes=\"auto, (max-width: 1024px) 100vw, 1024px\" \/><\/figure>\n\n\n\n<p><strong>Seit gestern wird das Jubil\u00e4umsjahr zu 800-Jahre-Dollbergen auch im Dorf sichtbar!<\/strong><\/p>\n\n\n\n<p>Es wird Ernst: die Festwoche r\u00fcckt unaufhaltsam n\u00e4her. Um alle B\u00fcrgerinnen und B\u00fcrger Dollbergens zu erreichen, ist gestern mit der Plakatierung in Dollbergen begonnen worden. Den Auftakt macht ein doppelseitiges Banner am Parkplatz unseres Ersu-Marktes.<\/p>\n\n\n\n<p>Um den Zugang f\u00fcr die digitalen Inhalte zu erleichtern, f\u00fchrt ein QR-Code, der mit dem Mobiltelefon erfasst werden kann, direkt auf diese Homepage. Von dort aus erreichen Sie auch alle anderen Kan\u00e4le, wie Instagram und Facebook.<strong> <\/strong><\/p>\n\n\n\n<p> <\/p>\n","protected":false},"excerpt":{"rendered":"<div class=\"entry-summary\">\nSeit gestern wird das Jubil\u00e4umsjahr zu 800-Jahre-Dollbergen auch im Dorf sichtbar! Es wird Ernst: die Festwoche r\u00fcckt unaufhaltsam n\u00e4her. Um alle B\u00fcrgerinnen und B\u00fcrger Dollbergens zu erreichen, ist gestern mit der Plakatierung in Dollbergen begonnen worden. Den Auftakt macht ein&hellip;\n<\/div>\n<div class=\"link-more\"><a href=\"https:\/\/800-jahre-dollbergen.de\/index.php\/2026\/03\/14\/800-jahre-dollbergen-nun-auch-im-ort-sichtbar\/\" class=\"more-link\"><span class=\"screen-reader-text\"> &ldquo;800 Jahre Dollbergen &#8211; nun auch im Ort sichtbar!&rdquo;<\/span> weiterlesen\u00a0&hellip;<\/a><\/div>\n","protected":false},"author":5,"featured_media":509,"comment_status":"open","ping_status":"open","sticky":false,"template":"","format":"standard","meta":{"footnotes":""},"categories":[24,2],"tags":[67,42,68],"class_list":["post-503","post","type-post","status-publish","format-standard","has-post-thumbnail","hentry","category-aktionen","category-allgemein","tag-banner","tag-festwoche","tag-werbung","entry"],"_links":{"self":[{"href":"https:\/\/800-jahre-dollbergen.de\/index.php\/wp-json\/wp\/v2\/posts\/503","targetHints":{"allow":["GET"]}}],"collection":[{"href":"https:\/\/800-jahre-dollbergen.de\/index.php\/wp-json\/wp\/v2\/posts"}],"about":[{"href":"https:\/\/800-jahre-dollbergen.de\/index.php\/wp-json\/wp\/v2\/types\/post"}],"author":[{"embeddable":true,"href":"https:\/\/800-jahre-dollbergen.de\/index.php\/wp-json\/wp\/v2\/users\/5"}],"replies":[{"embeddable":true,"href":"https:\/\/800-jahre-dollbergen.de\/index.php\/wp-json\/wp\/v2\/comments?post=503"}],"version-history":[{"count":1,"href":"https:\/\/800-jahre-dollbergen.de\/index.php\/wp-json\/wp\/v2\/posts\/503\/revisions"}],"predecessor-version":[{"id":506,"href":"https:\/\/800-jahre-dollbergen.de\/index.php\/wp-json\/wp\/v2\/posts\/503\/revisions\/506"}],"wp:featuredmedia":[{"embeddable":true,"href":"https:\/\/800-jahre-dollbergen.de\/index.php\/wp-json\/wp\/v2\/media\/509"}],"wp:attachment":[{"href":"https:\/\/800-jahre-dollbergen.de\/index.php\/wp-json\/wp\/v2\/media?parent=503"}],"wp:term":[{"taxonomy":"category","embeddable":true,"href":"https:\/\/800-jahre-dollbergen.de\/index.php\/wp-json\/wp\/v2\/categories?post=503"},{"taxonomy":"post_tag","embeddable":true,"href":"https:\/\/800-jahre-dollbergen.de\/index.php\/wp-json\/wp\/v2\/tags?post=503"}],"curies":[{"name":"wp","href":"https:\/\/api.w.org\/{rel}","templated":true}]}}